{"id":338,"date":"2024-11-26T15:25:52","date_gmt":"2024-11-26T18:25:52","guid":{"rendered":"http:\/\/cfp6-cifpa.edu.ar\/asamblea\/?p=338"},"modified":"2024-12-02T16:29:01","modified_gmt":"2024-12-02T19:29:01","slug":"la-historia-de-julian-thiago-rojo","status":"publish","type":"post","link":"http:\/\/cfp6-cifpa.edu.ar\/asamblea\/la-historia-de-julian-thiago-rojo\/","title":{"rendered":"La historia de Juli\u00e1n &#8211; Thiago Rojo"},"content":{"rendered":"\n<p class=\"has-small-font-size\">JULIAN ESTABA EN EL AULA 6 EN UNA ESQUINA SOLO. SENTADO EN UNA SILLA. JUGANDO<br>CON SU CELU VIENDO COMO LOS OTROS JUEGAN JUNTOS SIN \u00c9L. PIENSA QUE QUIERE<br>JUGAR CON ELLOS PERO \u00c9L NO CREE QUE LO DEJEN ENTRAR EN ESE GRUPO, PORQUE CREEN<br>QUE EL ES MEDIO RARO Y QUE NO PUEDE INTERACTUAR CON LAS DEM\u00c1S PERSONAS.<br>PERO JULI\u00c1N NO SE VA DEJAR LLEVAR POR SU MENTE QUE LE DICE TODO ESO. EL VA A VER<br>UNA MANERA EN C\u00d3MO PARTICIPAR.<br>NO QUIERE TODA LA VIDA ESTAR SOLO. NUNCA M\u00c1S.<br>CUANDO EL TENIA 10 A\u00d1OS LA MADRE FALLECI\u00d3 POR UNA ENFERMEDAD, CUANDO PASO<br>ESO CAY\u00d3 SU MUNDO, PORQUE LA MAM\u00c1 ERA TODO PARA \u00c9L, ERA LA \u00daNICA FAMILIA QUE<br>TEN\u00cdA.<br>EL PAPA ESTABA EN LA C\u00c1RCEL CUANDO \u00c9L NACI\u00d3 PORQUE \u00c9L ABUSABA DE SU MAM\u00c1<br>VERBAL Y F\u00cdSICAMENTE.<br>POR ESO EL NO QUIERE INTERACTUAR CON LAS PERSONAS LE DA MUCHO MIEDO.<br>UN A\u00d1O DESPU\u00c9S JULI\u00c1N VA CAMINANDO A LA ESCUELA Y SE ENCUENTRA CON UNA<br>CHICA QUE NUNCA VIO, QUE IBA LA MISMA DIRECCI\u00d3N QUE ESTABA YENDO A LA<br>ESCUELA, EN UN MOMENTO YA ESTABAN EN LA ESCUELA, EL SE FUE A SU AULA NUEVA Y EN<br>ESE ENTONCES PRESENTAN A UNA NUEVA ALUMNA, Y ERA LA CHICA QUE VIO EN LA<br>MA\u00d1ANA, ENTONCES LA DIRECTORA LE DICE A ELLA QUE DIGA SU NOMBRE, \u201cKIARA\u201d<br>RESPONDE, LA DIRECTORA DICE: BUSCA UN ASIENTO LIBRE, KIARA RESPONDE: AY HAY UN<br>LUGAR VAC\u00cdO A LADO DEL CHICO QUE SE SIENTA EN LA ESQUINA SOLO.<br>KIARA SE SIENTA Y SE PRESENTA CON EL CHICO QUE SE SIENTA AL LADO, LE PREGUNTA<br>\u00bfC\u00d3MO TE LLAMAS?, EL LE RESPONDE ME LLAMO JULIAN, KIARA LE DICE MUCHO GUSTO<br>JULI\u00c1N.<br>VA PASANDO UN MES DE QUE KIARA Y JULI\u00c1N SE CONOCIERAN Y SE HICIERON AMIGOS\u2026<br>HASTA QUE UN DIA ELLA CUENTA SU HISTORIA, JULI\u00c1N SE SORPRENDE AL ESCUCHAR SU<br>HISTORIA PORQUE ES MUY PARECIDA A LA HISTORIA DE EL\u2026.<br>PERO LA DIFERENCIA ENTRE ELLOS DOS, QUE KIARA NO SE DEJ\u00d3 HUNDIR EN LA SOLEDAD Y<br>PUDO SALIR ADELANTE PERO JULI\u00c1N NO PUDO HACER NADA DE ESO PORQUE EL PASADO<br>LO DEJ\u00d3 TRAUMADO, PERO KIARA LO VA AYUDAR A SUPERAR ESO.<br>UN DIA JULI\u00c1N LE DICE A KIARA SI QUIERE IR CON \u00c9L A PASEAR POR EL PARQUE O IR DE<br>PASEO, KIARA LE DICE QUE SI, ENTONCES JULI\u00c1N DICE EL DIA EN SALIR ES EL S\u00c1BADO.<br>PASO LOS D\u00cdAS Y SE HIZO SABADO, EL DIA EN SALIR.<br>HABLAN DE \u00c9L Y DE COMO NO SABE COMUNICARSE CON LAS PERSONAS Y QUE SIENTE<br>MIEDO EN HABLAR CON ELLAS, KIARA DICE A MI TAMBIEN ME PASABA ESO PERO MIRA TE<br>VOY A DAR UN CONSEJO PARA APRENDER COMUNICARTE Y MEJORAR VE A UN<br>PSICOLOGO ESO A MI ME AYUDO MUCHO Y MEJORE CON EL PASO DEL TIEMPO Y TE<br>AYUDAR\u00c1 CON ESE MIEDO, TE DIGO QUE VAYAS Y SUELTES TODO QUE TE VA AYUDAR,<br>JULI\u00c1N DICE GRACIAS LO PENSARE.<br>JULI\u00c1N LE DICE A KIARA SI QUIERE TOMAR UN HELADO VAN JUNTOS, A JULI\u00c1N SE LE VIENE<br>IMAGENES EN SU CABEZA DE QUE ELLA FUE LA PRIMERA PERSONA QUE SE HACE EL AMIGO<br>DE JULIAN Y QUIEN COMPARTE LA MISMA HISTORIA QUE ELLA, Y \u00c9L SE DA CUENTA QUE SE<br>\u201cEST\u00c1 ENAMORANDO DE KIARA\u201d\u2026..<br>Pasaron unos dos a\u00f1os y a Julian le ayud\u00f3 mucho el psic\u00f3logo que le dijo<br>kiara\u2026\u2026\u2026..<br>juli\u00e1n y kiara pasaron todos los d\u00edas juntos pas\u00e1ndolo bien y hasta que un dia<br>juli\u00e1n se atreve a decirle a kiara que le gusta y quiere ser su novia y kiara le dice<br>que s\u00ed, que ella se enamoro de el tambien porque la trata bien y se divierte<br>mucho con \u00e9l y se siente que con \u00e9l se siente muy bien\u2026\u2026.<br>FIN SU HISTORIA SE QUED\u00d3 CON UN BUEN FINAL<\/p>\n\n\n\n<p><\/p>\n\n\n\n<p><\/p>\n\n\n\n<p class=\"has-small-font-size\">Producci\u00f3n realizada en el Esacio de Definici\u00f3n institucional (EDI) coordinado por la cineasta Prof. Veroka Vel\u00e1squez Ulloa.<\/p>\n","protected":false},"excerpt":{"rendered":"<p>JULIAN ESTABA EN EL AULA 6 EN UNA ESQUINA SOLO. SENTADO EN UNA SILLA. JUGANDOCON SU CELU VIENDO COMO LOS OTROS JUEGAN JUNTOS SIN \u00c9L. PIENSA QUE QUIEREJUGAR CON ELLOS PERO \u00c9L NO CREE QUE LO DEJEN ENTRAR EN ESE GRUPO, PORQUE CREENQUE EL ES MEDIO RARO Y QUE NO PUEDE INTERACTUAR CON LAS DEM\u00c1S<\/p>\n","protected":false},"author":4,"featured_media":377,"comment_status":"open","ping_status":"open","sticky":false,"template":"","format":"standard","meta":{"footnotes":""},"categories":[15,5],"tags":[30,35,33,12],"class_list":["post-338","post","type-post","status-publish","format-standard","has-post-thumbnail","hentry","category-escrituras","category-producciones","tag-bachillerato","tag-edi","tag-estudiantes","tag-producciones-alumnos"],"_links":{"self":[{"href":"http:\/\/cfp6-cifpa.edu.ar\/asamblea\/wp-json\/wp\/v2\/posts\/338","targetHints":{"allow":["GET"]}}],"collection":[{"href":"http:\/\/cfp6-cifpa.edu.ar\/asamblea\/wp-json\/wp\/v2\/posts"}],"about":[{"href":"http:\/\/cfp6-cifpa.edu.ar\/asamblea\/wp-json\/wp\/v2\/types\/post"}],"author":[{"embeddable":true,"href":"http:\/\/cfp6-cifpa.edu.ar\/asamblea\/wp-json\/wp\/v2\/users\/4"}],"replies":[{"embeddable":true,"href":"http:\/\/cfp6-cifpa.edu.ar\/asamblea\/wp-json\/wp\/v2\/comments?post=338"}],"version-history":[{"count":2,"href":"http:\/\/cfp6-cifpa.edu.ar\/asamblea\/wp-json\/wp\/v2\/posts\/338\/revisions"}],"predecessor-version":[{"id":340,"href":"http:\/\/cfp6-cifpa.edu.ar\/asamblea\/wp-json\/wp\/v2\/posts\/338\/revisions\/340"}],"wp:featuredmedia":[{"embeddable":true,"href":"http:\/\/cfp6-cifpa.edu.ar\/asamblea\/wp-json\/wp\/v2\/media\/377"}],"wp:attachment":[{"href":"http:\/\/cfp6-cifpa.edu.ar\/asamblea\/wp-json\/wp\/v2\/media?parent=338"}],"wp:term":[{"taxonomy":"category","embeddable":true,"href":"http:\/\/cfp6-cifpa.edu.ar\/asamblea\/wp-json\/wp\/v2\/categories?post=338"},{"taxonomy":"post_tag","embeddable":true,"href":"http:\/\/cfp6-cifpa.edu.ar\/asamblea\/wp-json\/wp\/v2\/tags?post=338"}],"curies":[{"name":"wp","href":"https:\/\/api.w.org\/{rel}","templated":true}]}}